{"id":1205,"date":"2014-10-19T12:22:56","date_gmt":"2014-10-19T10:22:56","guid":{"rendered":"http:\/\/eret-tortechnik.de\/wordpress_2020\/?p=1205"},"modified":"2021-04-12T11:56:47","modified_gmt":"2021-04-12T09:56:47","slug":"fuer-den-winter-20142015-das-all-incl-nachruest-tor","status":"publish","type":"post","link":"https:\/\/eret-tortechnik.de\/en\/fuer-den-winter-20142015-das-all-incl-nachruest-tor\/","title":{"rendered":"F\u00fcr den Winter 2014\/2015 &#8211; Das ALL-INCLUSIVE Nachr\u00fcst-Tor"},"content":{"rendered":"<h1><\/h1>\n<h1><span style=\"color: #000000;\">Schnellauftore zum Nachr\u00fcsten!<\/span><\/h1>\n<h1><\/h1>\n<h2 style=\"text-align: left;\"><span style=\"color: #000000;\">Das Schnelllauf-Tor f\u00fcr den Winter 2014\/2015:<\/span><\/h2>\n<p style=\"text-align: left;\"><span style=\"text-decoration: underline;\"><strong>PVC Schnelllauftor Type PSE-S<br \/>\nschnell\u00a0&#8211;\u00a0schwere Ausf\u00fchrung\u00a0&#8211;\u00a0mit Windsicherungen<\/strong><\/span><\/p>\n<table class=\"alignleft\" width=\"487\">\n<tbody>\n<tr>\n<td style=\"text-align: right;\"><span style=\"color: #000000;\">\u00d6ffnungsgeschwindigkeit: 3 m\/sek. (v\/max)<\/span><\/td>\n<td style=\"text-align: right;\"><span style=\"color: #000000;\">ja \u221a<\/span><\/td>\n<\/tr>\n<tr>\n<td style=\"text-align: right;\"><span style=\"color: #000000;\">Als Hallentor bis 7 x 7 m verwendbar<\/span><\/td>\n<td style=\"text-align: right;\"><span style=\"color: #000000;\">\u00a0 ja \u221a<\/span><\/td>\n<\/tr>\n<tr>\n<td style=\"text-align: right;\"><span style=\"color: #000000;\">Korrosionsschutz: Alu eloxiert E6EV1<\/span><\/td>\n<td style=\"text-align: right;\"><span style=\"color: #000000;\">ja \u221a<\/span><\/td>\n<\/tr>\n<tr>\n<td style=\"text-align: right;\"><span style=\"color: #000000;\">Au\u00dfen und Innen verwendbar<\/span><\/td>\n<td style=\"text-align: right;\"><span style=\"color: #000000;\">ja \u221a<\/span><\/td>\n<\/tr>\n<tr>\n<td style=\"text-align: right;\"><span style=\"color: #000000;\">Anti-Crash serienm\u00e4\u00dfig<\/span><\/td>\n<td style=\"text-align: right;\"><span style=\"color: #000000;\">ja \u221a<\/span><\/td>\n<\/tr>\n<tr>\n<td style=\"text-align: right;\"><span style=\"color: #000000;\">Absicherung mit Lichtgitter bis H 2,5 m serienm\u00e4\u00dfig<\/span><\/td>\n<td style=\"text-align: right;\"><span style=\"color: #000000;\">ja \u221a<\/span><\/td>\n<\/tr>\n<tr>\n<td style=\"text-align: right;\"><span style=\"color: #000000;\">Lieferung im 10-Tage Notfallprogramm m\u00f6glich<\/span><\/td>\n<td style=\"text-align: right;\"><span style=\"color: #000000;\">ja \u221a<\/span><\/td>\n<\/tr>\n<tr>\n<td style=\"text-align: right;\"><span style=\"color: #000000;\">Selbsttragende Konstrukion &#8211; Ideal zum &#8222;Nachr\u00fcsten&#8220;<\/span><\/td>\n<td style=\"text-align: right;\"><span style=\"color: #000000;\">ja \u221a<\/span><\/td>\n<\/tr>\n<\/tbody>\n<\/table>","protected":false},"excerpt":{"rendered":"<p>Schnellauftore zum Nachr\u00fcsten! Das Schnelllauf-Tor f\u00fcr den Winter 2014\/2015: PVC Schnelllauftor Type PSE-S schnell\u00a0&#8211;\u00a0schwere Ausf\u00fchrung\u00a0&#8211;\u00a0mit Windsicherungen \u00d6ffnungsgeschwindigkeit: 3 m\/sek. (v\/max) ja \u221a Als Hallentor bis 7 x 7 m verwendbar \u00a0 ja \u221a Korrosionsschutz: Alu eloxiert E6EV1 ja \u221a Au\u00dfen und Innen verwendbar ja \u221a Anti-Crash serienm\u00e4\u00dfig ja \u221a Absicherung mit Lichtgitter bis H 2,5 [&hellip;]<\/p>\n","protected":false},"author":4,"featured_media":0,"comment_status":"closed","ping_status":"closed","sticky":false,"template":"","format":"standard","meta":{"_acf_changed":false,"_et_pb_use_builder":"","_et_pb_old_content":"","_et_gb_content_width":"","footnotes":""},"categories":[1],"tags":[181,202,201,200,197,128,196,199,45,176,198],"acf":[],"yoast_head":"<!-- This site is optimized with the Yoast SEO plugin v23.5 - https:\/\/yoast.com\/wordpress\/plugins\/seo\/ -->\n<title>F\u00fcr den Winter 2014\/2015 - Das ALL-INCLUSIVE Nachr\u00fcst-Tor - ProLine und AluLine Schnelllauftore<\/title>\n<meta name=\"robots\" content=\"index, follow, max-snippet:-1, max-image-preview:large, max-video-preview:-1\" \/>\n<link rel=\"canonical\" href=\"https:\/\/eret-tortechnik.de\/en\/fuer-den-winter-20142015-das-all-incl-nachruest-tor\/\" \/>\n<meta property=\"og:locale\" content=\"en_GB\" \/>\n<meta property=\"og:type\" content=\"article\" \/>\n<meta property=\"og:title\" content=\"F\u00fcr den Winter 2014\/2015 - Das ALL-INCLUSIVE Nachr\u00fcst-Tor - ProLine und AluLine Schnelllauftore\" \/>\n<meta property=\"og:description\" content=\"Schnellauftore zum Nachr\u00fcsten! Das Schnelllauf-Tor f\u00fcr den Winter 2014\/2015: PVC Schnelllauftor Type PSE-S schnell\u00a0&#8211;\u00a0schwere Ausf\u00fchrung\u00a0&#8211;\u00a0mit Windsicherungen \u00d6ffnungsgeschwindigkeit: 3 m\/sek. (v\/max) ja \u221a Als Hallentor bis 7 x 7 m verwendbar \u00a0 ja \u221a Korrosionsschutz: Alu eloxiert E6EV1 ja \u221a Au\u00dfen und Innen verwendbar ja \u221a Anti-Crash serienm\u00e4\u00dfig ja \u221a Absicherung mit Lichtgitter bis H 2,5 [&hellip;]\" \/>\n<meta property=\"og:url\" content=\"https:\/\/eret-tortechnik.de\/en\/fuer-den-winter-20142015-das-all-incl-nachruest-tor\/\" \/>\n<meta property=\"og:site_name\" content=\"ProLine und AluLine Schnelllauftore\" \/>\n<meta property=\"article:publisher\" content=\"https:\/\/www.facebook.com\/SchwaebischeTormanufaktur\" \/>\n<meta property=\"article:published_time\" content=\"2014-10-19T10:22:56+00:00\" \/>\n<meta property=\"article:modified_time\" content=\"2021-04-12T09:56:47+00:00\" \/>\n<meta property=\"og:image\" content=\"https:\/\/eret-tortechnik.de\/wp-content\/uploads\/2021\/01\/PSE_S_gewaechs2_2000-min.jpg\" \/>\n\t<meta property=\"og:image:width\" content=\"1500\" \/>\n\t<meta property=\"og:image:height\" content=\"977\" \/>\n\t<meta property=\"og:image:type\" content=\"image\/jpeg\" \/>\n<meta name=\"author\" content=\"Dirk Hentschel\" \/>\n<meta name=\"twitter:card\" content=\"summary_large_image\" \/>\n<meta name=\"twitter:label1\" content=\"Written by\" \/>\n\t<meta name=\"twitter:data1\" content=\"Dirk Hentschel\" \/>\n<script type=\"application\/ld+json\" class=\"yoast-schema-graph\">{\"@context\":\"https:\/\/schema.org\",\"@graph\":[{\"@type\":\"Article\",\"@id\":\"https:\/\/eret-tortechnik.de\/fuer-den-winter-20142015-das-all-incl-nachruest-tor\/#article\",\"isPartOf\":{\"@id\":\"https:\/\/eret-tortechnik.de\/fuer-den-winter-20142015-das-all-incl-nachruest-tor\/\"},\"author\":{\"name\":\"Dirk Hentschel\",\"@id\":\"https:\/\/eret-tortechnik.de\/#\/schema\/person\/71153da474ab9d46175b5d6fd4fc94c9\"},\"headline\":\"F\u00fcr den Winter 2014\/2015 &#8211; Das ALL-INCLUSIVE Nachr\u00fcst-Tor\",\"datePublished\":\"2014-10-19T10:22:56+00:00\",\"dateModified\":\"2021-04-12T09:56:47+00:00\",\"mainEntityOfPage\":{\"@id\":\"https:\/\/eret-tortechnik.de\/fuer-den-winter-20142015-das-all-incl-nachruest-tor\/\"},\"wordCount\":84,\"publisher\":{\"@id\":\"https:\/\/eret-tortechnik.de\/#organization\"},\"keywords\":[\"Anti-crash\",\"anticrash\",\"crash\",\"g\u00fcnstig\",\"Hallenser\",\"nachr\u00fcsten\",\"nachts\u00fcber\",\"schnell\",\"Schnelllauftor\",\"Wind\",\"windsicherung\"],\"articleSection\":[\"Schnelllauftore: Neuigkeiten\"],\"inLanguage\":\"en-GB\"},{\"@type\":\"WebPage\",\"@id\":\"https:\/\/eret-tortechnik.de\/fuer-den-winter-20142015-das-all-incl-nachruest-tor\/\",\"url\":\"https:\/\/eret-tortechnik.de\/fuer-den-winter-20142015-das-all-incl-nachruest-tor\/\",\"name\":\"F\u00fcr den Winter 2014\/2015 - Das ALL-INCLUSIVE Nachr\u00fcst-Tor - ProLine und AluLine Schnelllauftore\",\"isPartOf\":{\"@id\":\"https:\/\/eret-tortechnik.de\/#website\"},\"datePublished\":\"2014-10-19T10:22:56+00:00\",\"dateModified\":\"2021-04-12T09:56:47+00:00\",\"breadcrumb\":{\"@id\":\"https:\/\/eret-tortechnik.de\/fuer-den-winter-20142015-das-all-incl-nachruest-tor\/#breadcrumb\"},\"inLanguage\":\"en-GB\",\"potentialAction\":[{\"@type\":\"ReadAction\",\"target\":[\"https:\/\/eret-tortechnik.de\/fuer-den-winter-20142015-das-all-incl-nachruest-tor\/\"]}]},{\"@type\":\"BreadcrumbList\",\"@id\":\"https:\/\/eret-tortechnik.de\/fuer-den-winter-20142015-das-all-incl-nachruest-tor\/#breadcrumb\",\"itemListElement\":[{\"@type\":\"ListItem\",\"position\":1,\"name\":\"Startseite\",\"item\":\"https:\/\/eret-tortechnik.de\/\"},{\"@type\":\"ListItem\",\"position\":2,\"name\":\"F\u00fcr den Winter 2014\/2015 &#8211; Das ALL-INCLUSIVE Nachr\u00fcst-Tor\"}]},{\"@type\":\"WebSite\",\"@id\":\"https:\/\/eret-tortechnik.de\/#website\",\"url\":\"https:\/\/eret-tortechnik.de\/\",\"name\":\"ProLine und AluLine Schnelllauftore\",\"description\":\"Alu-Schnelllauftore  |  flexible Schnelllauftore  |  Design Rolltore  |  individueller Torbau\",\"publisher\":{\"@id\":\"https:\/\/eret-tortechnik.de\/#organization\"},\"potentialAction\":[{\"@type\":\"SearchAction\",\"target\":{\"@type\":\"EntryPoint\",\"urlTemplate\":\"https:\/\/eret-tortechnik.de\/?s={search_term_string}\"},\"query-input\":{\"@type\":\"PropertyValueSpecification\",\"valueRequired\":true,\"valueName\":\"search_term_string\"}}],\"inLanguage\":\"en-GB\"},{\"@type\":\"Organization\",\"@id\":\"https:\/\/eret-tortechnik.de\/#organization\",\"name\":\"ERET-Tortechnik GmbH - Schnelllauftore\",\"url\":\"https:\/\/eret-tortechnik.de\/\",\"logo\":{\"@type\":\"ImageObject\",\"inLanguage\":\"en-GB\",\"@id\":\"https:\/\/eret-tortechnik.de\/#\/schema\/logo\/image\/\",\"url\":\"https:\/\/eret-tortechnik.de\/wp-content\/uploads\/2020\/12\/cropped-eret-logo-500-min.jpg\",\"contentUrl\":\"https:\/\/eret-tortechnik.de\/wp-content\/uploads\/2020\/12\/cropped-eret-logo-500-min.jpg\",\"width\":512,\"height\":512,\"caption\":\"ERET-Tortechnik GmbH - Schnelllauftore\"},\"image\":{\"@id\":\"https:\/\/eret-tortechnik.de\/#\/schema\/logo\/image\/\"},\"sameAs\":[\"https:\/\/www.facebook.com\/SchwaebischeTormanufaktur\"]},{\"@type\":\"Person\",\"@id\":\"https:\/\/eret-tortechnik.de\/#\/schema\/person\/71153da474ab9d46175b5d6fd4fc94c9\",\"name\":\"Dirk Hentschel\",\"image\":{\"@type\":\"ImageObject\",\"inLanguage\":\"en-GB\",\"@id\":\"https:\/\/eret-tortechnik.de\/#\/schema\/person\/image\/\",\"url\":\"https:\/\/secure.gravatar.com\/avatar\/f344c39b09238294082aaa16c5fbde16?s=96&d=mm&r=g\",\"contentUrl\":\"https:\/\/secure.gravatar.com\/avatar\/f344c39b09238294082aaa16c5fbde16?s=96&d=mm&r=g\",\"caption\":\"Dirk Hentschel\"},\"url\":\"https:\/\/eret-tortechnik.de\/en\/author\/dirk-hentschel\/\"}]}<\/script>\n<!-- \/ Yoast SEO plugin. -->","yoast_head_json":{"title":"F\u00fcr den Winter 2014\/2015 - Das ALL-INCLUSIVE Nachr\u00fcst-Tor - ProLine und AluLine Schnelllauftore","robots":{"index":"index","follow":"follow","max-snippet":"max-snippet:-1","max-image-preview":"max-image-preview:large","max-video-preview":"max-video-preview:-1"},"canonical":"https:\/\/eret-tortechnik.de\/en\/fuer-den-winter-20142015-das-all-incl-nachruest-tor\/","og_locale":"en_GB","og_type":"article","og_title":"F\u00fcr den Winter 2014\/2015 - Das ALL-INCLUSIVE Nachr\u00fcst-Tor - ProLine und AluLine Schnelllauftore","og_description":"Schnellauftore zum Nachr\u00fcsten! Das Schnelllauf-Tor f\u00fcr den Winter 2014\/2015: PVC Schnelllauftor Type PSE-S schnell\u00a0&#8211;\u00a0schwere Ausf\u00fchrung\u00a0&#8211;\u00a0mit Windsicherungen \u00d6ffnungsgeschwindigkeit: 3 m\/sek. (v\/max) ja \u221a Als Hallentor bis 7 x 7 m verwendbar \u00a0 ja \u221a Korrosionsschutz: Alu eloxiert E6EV1 ja \u221a Au\u00dfen und Innen verwendbar ja \u221a Anti-Crash serienm\u00e4\u00dfig ja \u221a Absicherung mit Lichtgitter bis H 2,5 [&hellip;]","og_url":"https:\/\/eret-tortechnik.de\/en\/fuer-den-winter-20142015-das-all-incl-nachruest-tor\/","og_site_name":"ProLine und AluLine Schnelllauftore","article_publisher":"https:\/\/www.facebook.com\/SchwaebischeTormanufaktur","article_published_time":"2014-10-19T10:22:56+00:00","article_modified_time":"2021-04-12T09:56:47+00:00","og_image":[{"width":1500,"height":977,"url":"https:\/\/eret-tortechnik.de\/wp-content\/uploads\/2021\/01\/PSE_S_gewaechs2_2000-min.jpg","type":"image\/jpeg"}],"author":"Dirk Hentschel","twitter_card":"summary_large_image","twitter_misc":{"Written by":"Dirk Hentschel"},"schema":{"@context":"https:\/\/schema.org","@graph":[{"@type":"Article","@id":"https:\/\/eret-tortechnik.de\/fuer-den-winter-20142015-das-all-incl-nachruest-tor\/#article","isPartOf":{"@id":"https:\/\/eret-tortechnik.de\/fuer-den-winter-20142015-das-all-incl-nachruest-tor\/"},"author":{"name":"Dirk Hentschel","@id":"https:\/\/eret-tortechnik.de\/#\/schema\/person\/71153da474ab9d46175b5d6fd4fc94c9"},"headline":"F\u00fcr den Winter 2014\/2015 &#8211; Das ALL-INCLUSIVE Nachr\u00fcst-Tor","datePublished":"2014-10-19T10:22:56+00:00","dateModified":"2021-04-12T09:56:47+00:00","mainEntityOfPage":{"@id":"https:\/\/eret-tortechnik.de\/fuer-den-winter-20142015-das-all-incl-nachruest-tor\/"},"wordCount":84,"publisher":{"@id":"https:\/\/eret-tortechnik.de\/#organization"},"keywords":["Anti-crash","anticrash","crash","g\u00fcnstig","Hallenser","nachr\u00fcsten","nachts\u00fcber","schnell","Schnelllauftor","Wind","windsicherung"],"articleSection":["Schnelllauftore: Neuigkeiten"],"inLanguage":"en-GB"},{"@type":"WebPage","@id":"https:\/\/eret-tortechnik.de\/fuer-den-winter-20142015-das-all-incl-nachruest-tor\/","url":"https:\/\/eret-tortechnik.de\/fuer-den-winter-20142015-das-all-incl-nachruest-tor\/","name":"F\u00fcr den Winter 2014\/2015 - Das ALL-INCLUSIVE Nachr\u00fcst-Tor - ProLine und AluLine Schnelllauftore","isPartOf":{"@id":"https:\/\/eret-tortechnik.de\/#website"},"datePublished":"2014-10-19T10:22:56+00:00","dateModified":"2021-04-12T09:56:47+00:00","breadcrumb":{"@id":"https:\/\/eret-tortechnik.de\/fuer-den-winter-20142015-das-all-incl-nachruest-tor\/#breadcrumb"},"inLanguage":"en-GB","potentialAction":[{"@type":"ReadAction","target":["https:\/\/eret-tortechnik.de\/fuer-den-winter-20142015-das-all-incl-nachruest-tor\/"]}]},{"@type":"BreadcrumbList","@id":"https:\/\/eret-tortechnik.de\/fuer-den-winter-20142015-das-all-incl-nachruest-tor\/#breadcrumb","itemListElement":[{"@type":"ListItem","position":1,"name":"Startseite","item":"https:\/\/eret-tortechnik.de\/"},{"@type":"ListItem","position":2,"name":"F\u00fcr den Winter 2014\/2015 &#8211; Das ALL-INCLUSIVE Nachr\u00fcst-Tor"}]},{"@type":"WebSite","@id":"https:\/\/eret-tortechnik.de\/#website","url":"https:\/\/eret-tortechnik.de\/","name":"ProLine und AluLine Schnelllauftore","description":"Alu-Schnelllauftore  |  flexible Schnelllauftore  |  Design Rolltore  |  individueller Torbau","publisher":{"@id":"https:\/\/eret-tortechnik.de\/#organization"},"potentialAction":[{"@type":"SearchAction","target":{"@type":"EntryPoint","urlTemplate":"https:\/\/eret-tortechnik.de\/?s={search_term_string}"},"query-input":{"@type":"PropertyValueSpecification","valueRequired":true,"valueName":"search_term_string"}}],"inLanguage":"en-GB"},{"@type":"Organization","@id":"https:\/\/eret-tortechnik.de\/#organization","name":"ERET-Tortechnik GmbH - Schnelllauftore","url":"https:\/\/eret-tortechnik.de\/","logo":{"@type":"ImageObject","inLanguage":"en-GB","@id":"https:\/\/eret-tortechnik.de\/#\/schema\/logo\/image\/","url":"https:\/\/eret-tortechnik.de\/wp-content\/uploads\/2020\/12\/cropped-eret-logo-500-min.jpg","contentUrl":"https:\/\/eret-tortechnik.de\/wp-content\/uploads\/2020\/12\/cropped-eret-logo-500-min.jpg","width":512,"height":512,"caption":"ERET-Tortechnik GmbH - Schnelllauftore"},"image":{"@id":"https:\/\/eret-tortechnik.de\/#\/schema\/logo\/image\/"},"sameAs":["https:\/\/www.facebook.com\/SchwaebischeTormanufaktur"]},{"@type":"Person","@id":"https:\/\/eret-tortechnik.de\/#\/schema\/person\/71153da474ab9d46175b5d6fd4fc94c9","name":"Dirk Hentschel","image":{"@type":"ImageObject","inLanguage":"en-GB","@id":"https:\/\/eret-tortechnik.de\/#\/schema\/person\/image\/","url":"https:\/\/secure.gravatar.com\/avatar\/f344c39b09238294082aaa16c5fbde16?s=96&d=mm&r=g","contentUrl":"https:\/\/secure.gravatar.com\/avatar\/f344c39b09238294082aaa16c5fbde16?s=96&d=mm&r=g","caption":"Dirk Hentschel"},"url":"https:\/\/eret-tortechnik.de\/en\/author\/dirk-hentschel\/"}]}},"_links":{"self":[{"href":"https:\/\/eret-tortechnik.de\/en\/wp-json\/wp\/v2\/posts\/1205"}],"collection":[{"href":"https:\/\/eret-tortechnik.de\/en\/wp-json\/wp\/v2\/posts"}],"about":[{"href":"https:\/\/eret-tortechnik.de\/en\/wp-json\/wp\/v2\/types\/post"}],"author":[{"embeddable":true,"href":"https:\/\/eret-tortechnik.de\/en\/wp-json\/wp\/v2\/users\/4"}],"replies":[{"embeddable":true,"href":"https:\/\/eret-tortechnik.de\/en\/wp-json\/wp\/v2\/comments?post=1205"}],"version-history":[{"count":0,"href":"https:\/\/eret-tortechnik.de\/en\/wp-json\/wp\/v2\/posts\/1205\/revisions"}],"wp:attachment":[{"href":"https:\/\/eret-tortechnik.de\/en\/wp-json\/wp\/v2\/media?parent=1205"}],"wp:term":[{"taxonomy":"category","embeddable":true,"href":"https:\/\/eret-tortechnik.de\/en\/wp-json\/wp\/v2\/categories?post=1205"},{"taxonomy":"post_tag","embeddable":true,"href":"https:\/\/eret-tortechnik.de\/en\/wp-json\/wp\/v2\/tags?post=1205"}],"curies":[{"name":"wp","href":"https:\/\/api.w.org\/{rel}","templated":true}]}}